{"id":740,"date":"2023-06-22T18:35:15","date_gmt":"2023-06-22T17:35:15","guid":{"rendered":"https:\/\/artlive.ovh\/?p=740"},"modified":"2026-02-18T18:37:56","modified_gmt":"2026-02-18T17:37:56","slug":"fete-de-la-musique-au-suquet-le-bresil-sa-musique-et-ses-poetes-3","status":"publish","type":"post","link":"https:\/\/artlive.ovh\/index.php\/2023\/06\/22\/fete-de-la-musique-au-suquet-le-bresil-sa-musique-et-ses-poetes-3\/","title":{"rendered":"F\u00caTE DE LA MUSIQUE AU SUQUET : LE BR\u00c9SIL SA MUSIQUE ET SES PO\u00c8TES"},"content":{"rendered":"\n<p><a href=\"https:\/\/youtu.be\/WS3XZ5M4qdc\">https:\/\/youtu.be\/WS3XZ5M4qdc<\/a><\/p>\n\n\n\n<p><\/p>\n","protected":false},"excerpt":{"rendered":"<p>https:\/\/youtu.be\/WS3XZ5M4qdc<\/p>\n","protected":false},"author":1,"featured_media":0,"comment_status":"closed","ping_status":"closed","sticky":false,"template":"","format":"standard","meta":{"jetpack_post_was_ever_published":false,"footnotes":"","jetpack_publicize_message":"","jetpack_is_tweetstorm":false,"jetpack_publicize_feature_enabled":true,"jetpack_social_options":[]},"categories":[10],"tags":[],"class_list":["post-740","post","type-post","status-publish","format-standard","hentry","category-videos"],"jetpack_publicize_connections":[],"jetpack_featured_media_url":"","jetpack_sharing_enabled":true,"jetpack_shortlink":"https:\/\/wp.me\/p8sasH-bW","_links":{"self":[{"href":"https:\/\/artlive.ovh\/index.php\/wp-json\/wp\/v2\/posts\/740","targetHints":{"allow":["GET"]}}],"collection":[{"href":"https:\/\/artlive.ovh\/index.php\/wp-json\/wp\/v2\/posts"}],"about":[{"href":"https:\/\/artlive.ovh\/index.php\/wp-json\/wp\/v2\/types\/post"}],"author":[{"embeddable":true,"href":"https:\/\/artlive.ovh\/index.php\/wp-json\/wp\/v2\/users\/1"}],"replies":[{"embeddable":true,"href":"https:\/\/artlive.ovh\/index.php\/wp-json\/wp\/v2\/comments?post=740"}],"version-history":[{"count":1,"href":"https:\/\/artlive.ovh\/index.php\/wp-json\/wp\/v2\/posts\/740\/revisions"}],"predecessor-version":[{"id":741,"href":"https:\/\/artlive.ovh\/index.php\/wp-json\/wp\/v2\/posts\/740\/revisions\/741"}],"wp:attachment":[{"href":"https:\/\/artlive.ovh\/index.php\/wp-json\/wp\/v2\/media?parent=740"}],"wp:term":[{"taxonomy":"category","embeddable":true,"href":"https:\/\/artlive.ovh\/index.php\/wp-json\/wp\/v2\/categories?post=740"},{"taxonomy":"post_tag","embeddable":true,"href":"https:\/\/artlive.ovh\/index.php\/wp-json\/wp\/v2\/tags?post=740"}],"curies":[{"name":"wp","href":"https:\/\/api.w.org\/{rel}","templated":true}]}}